{"id":11609,"date":"2026-03-10T14:14:36","date_gmt":"2026-03-10T18:14:36","guid":{"rendered":"https:\/\/www.afmc.ca\/?p=11609"},"modified":"2026-03-10T14:59:36","modified_gmt":"2026-03-10T18:59:36","slug":"cma-and-partners-continue-to-champion-the-international-congress-on-academic-medicineicam-in-2026","status":"publish","type":"post","link":"https:\/\/www.afmc.ca\/fr\/cma-and-partners-continue-to-champion-the-international-congress-on-academic-medicineicam-in-2026\/","title":{"rendered":"L\u2019AMC et ses partenaires soutiennent de nouveau le Congr\u00e8s international de m\u00e9decine\nuniversitaire (CIMU) en 2026"},"content":{"rendered":"<p class=\"has-text-align-left\"><strong>OTTAWA, ONTARIO - 10 mars 2026 <\/strong>\u2013 L\u2019Association m\u00e9dicale canadienne (AMC) et ses partenaires sont fiers de soutenir le <a href=\"https:\/\/icam-cimu.ca\/fr\/\" type=\"link\" id=\"https:\/\/icam-cimu.ca\/\" target=\"_blank\" rel=\"noreferrer noopener\">Congr\u00e8s international de m\u00e9decine universitaire<\/a> (CIMU), qui se tiendra \u00e0 Ottawa du 16 au 19 avril 2026.<br><br>R\u00e9unissant plus de 1 500 personnes d\u00e9l\u00e9gu\u00e9es, notamment des leaders de l\u2019\u00e9ducation m\u00e9dicale et de la recherche en sant\u00e9, le CIMU est un congr\u00e8s annuel visant \u00e0 promouvoir l\u2019innovation et les bourses d\u2019\u00e9tudes dans ces domaines \u00e0 l\u2019\u00e9chelle internationale. Organis\u00e9 par l\u2019Association des facult\u00e9s de m\u00e9decine du Canada (AFMC), ce congr\u00e8s cible tout particuli\u00e8rement les apprenantes et apprenants \u2014 \u00e9tudiantes et \u00e9tudiants en m\u00e9decine et de cycle sup\u00e9rieur, m\u00e9decins en r\u00e9sidence et chercheuses et chercheurs postdoctoraux \u2014 et leur offre la possibilit\u00e9 de pr\u00e9senter un expos\u00e9, de r\u00e9seauter et de tisser des liens avec des mentores et mentors et des employeurs potentiels. Le CIMU 2026 mettra l\u2019accent sur les fausses informations en sant\u00e9, la compassion, la prescription alimentaire, la prise en charge de la malnutrition aigu\u00eb s\u00e9v\u00e8re et l\u2019importance du lait maternel.<br><br>Le CIMU est l\u2019une des nombreuses initiatives qui s\u2019inscrivent dans le cadre de l\u2019entente d\u2019affinit\u00e9, une collaboration entre l\u2019Association m\u00e9dicale canadienne, Gestion financi\u00e8re MD inc. et la Banque Scotia, qui vise \u00e0 investir 115 millions de dollars sur 10 ans pour soutenir les m\u00e9decins et faire progresser la sant\u00e9 au Canada. \u00ab L\u2019AMC est fi\u00e8re de soutenir de nouveau le CIMU, un forum mondial qui rassemble des leaders de la m\u00e9decine, des membres des milieux de la recherche en sant\u00e9 et de l\u2019\u00e9ducation m\u00e9dicale ainsi que des apprenantes et apprenants \u00e0 toutes les \u00e9tapes de leur carri\u00e8re \u00bb, a d\u00e9clar\u00e9 la Dre Margot Burnell, pr\u00e9sidente de l\u2019AMC. \u00ab Le CIMU cr\u00e9e un espace propice \u00e0 l\u2019\u00e9change d\u2019id\u00e9es et de pratiques exemplaires qui contribuent au renforcement des syst\u00e8mes de sant\u00e9 et \u00e0 l\u2019avancement des soins, des objectifs que nous avons \u00e0 c\u0153ur de promouvoir au Canada. \u00bb<br><br>La Dre Constance LeBlanc, pr\u00e9sidente-directrice g\u00e9n\u00e9rale de l\u2019AFMC, abonde en ce sens : \u00ab En tant que porte-parole de la m\u00e9decine universitaire, l\u2019AFMC est fi\u00e8re de rassembler une fois de plus notre communaut\u00e9 dans le cadre du CIMU. Le CIMU fait progresser les id\u00e9es, les donn\u00e9es probantes et les partenariats qui fa\u00e7onnent l\u2019\u00e9ducation m\u00e9dicale et la recherche en sant\u00e9, et renforce la prestation des soins de sant\u00e9 partout au Canada. Nous remercions sinc\u00e8rement l\u2019AMC, Gestion financi\u00e8re MD et la Banque Scotia de leur soutien ind\u00e9fectible \u00e0 cet important forum international. \u00bb<br><br><strong>\u00c0 propos de l\u2019entente d\u2019affinit\u00e9<\/strong><br><br>La Banque Scotia, Gestion financi\u00e8re MD inc. (MD) et l\u2019Association m\u00e9dicale canadienne (AMC) se sont engag\u00e9es d\u2019un commun accord \u00e0 soutenir la profession m\u00e9dicale et \u00e0 promouvoir la sant\u00e9 au Canada. Pour honorer cet engagement, la Banque Scotia, en collaboration avec l\u2019AMC et MD, investit 115 millions de dollars pour soutenir les m\u00e9decins et les collectivit\u00e9s qu\u2019ils servent partout au pays.<br><strong><br>\u00c0 propos de l\u2019Association des facult\u00e9s de m\u00e9decine du Canada<\/strong><br><br>Fond\u00e9e en 1943, l\u2019Association des facult\u00e9s de m\u00e9decine du Canada (AFMC) repr\u00e9sente les 19 facult\u00e9s de m\u00e9decine canadiennes et agit comme porte-parole de la m\u00e9decine universitaire au pays. Nos facult\u00e9s membres d\u00e9livrent plus de 2 800 dipl\u00f4mes en m\u00e9decine par an, enseignent \u00e0 plus de 11 500 \u00e9tudiantes et \u00e9tudiants de premier cycle en m\u00e9decine, forment plus de 17 500 m\u00e9decins en r\u00e9sidence et stagiaires postdoctoraux, emploient \u00e0 temps plein et \u00e0 temps partiel pr\u00e8s de 65 000 membres de corps professoral et investissent plus de 3 milliards de dollars par ann\u00e9e dans la recherche biom\u00e9dicale et sur les soins de sant\u00e9.<br><br><strong>\u00c0 propos de l\u2019Association m\u00e9dicale canadienne<\/strong><br><br>L\u2019Association m\u00e9dicale canadienne est \u00e0 l\u2019origine d\u2019un regroupement national de m\u00e9decins et d\u2019apprenantes et d\u2019apprenants en m\u00e9decine qui croient en un avenir meilleur pour la sant\u00e9. Elle aspire \u00e0 cr\u00e9er un syst\u00e8me de sant\u00e9 viable et accessible o\u00f9 les patientes et patients participent \u00e0 leurs soins, une culture m\u00e9dicale qui favorise l\u2019\u00e9quit\u00e9, la diversit\u00e9 et le bien-\u00eatre des m\u00e9decins, ainsi que des communaut\u00e9s d\u2019entraide o\u00f9 chaque personne peut vivre en bonne sant\u00e9. Guid\u00e9e par des valeurs de collaboration et d\u2019inclusion, elle provoque des changements gr\u00e2ce \u00e0 son travail de repr\u00e9sentation, aux dons, commandites et subventions et au partage des connaissances.<br><br>Les repr\u00e9sentantes et repr\u00e9sentants des m\u00e9dias sont pri\u00e9s d\u2019envoyer leurs demandes \u00e0 <a href=\"mailto:relationsmediatiques@amc.ca\">relationsmediatiques@amc.ca<\/a>.<\/p>","protected":false},"excerpt":{"rendered":"<p>OTTAWA, ONTARIO \u2013 March 10, 2026 &#8211; The Canadian Medical Association (CMA) and partners together proudly support the International Congress on Academic Medicine (ICAM), taking place from April 16 to 19, 2026, in Ottawa. ICAM is an annual congress of more than 1,500 delegates that brings together leaders in medical education and health research to [&hellip;]<\/p>\n","protected":false},"author":9,"featured_media":0,"comment_status":"closed","ping_status":"closed","sticky":false,"template":"","format":"standard","meta":{"footnotes":""},"categories":[11],"tags":[],"class_list":["post-11609","post","type-post","status-publish","format-standard","hentry","category-media-releases"],"yoast_head":"<!-- This site is optimized with the Yoast SEO plugin v27.5 - https:\/\/yoast.com\/product\/yoast-seo-wordpress\/ -->\n<title>CMA and partners continue to champion the International Congress on Academic Medicine (ICAM) in 2026 - AFMC<\/title>\n<meta name=\"robots\" content=\"index, follow, max-snippet:-1, max-image-preview:large, max-video-preview:-1\" \/>\n<link rel=\"canonical\" href=\"https:\/\/www.afmc.ca\/fr\/cma-and-partners-continue-to-champion-the-international-congress-on-academic-medicineicam-in-2026\/\" \/>\n<meta property=\"og:locale\" content=\"fr_CA\" \/>\n<meta property=\"og:type\" content=\"article\" \/>\n<meta property=\"og:title\" content=\"CMA and partners continue to champion the International Congress on Academic Medicine (ICAM) in 2026 - AFMC\" \/>\n<meta property=\"og:description\" content=\"OTTAWA, ONTARIO \u2013 March 10, 2026 &#8211; The Canadian Medical Association (CMA) and partners together proudly support the International Congress on Academic Medicine (ICAM), taking place from April 16 to 19, 2026, in Ottawa. ICAM is an annual congress of more than 1,500 delegates that brings together leaders in medical education and health research to [&hellip;]\" \/>\n<meta property=\"og:url\" content=\"https:\/\/www.afmc.ca\/fr\/cma-and-partners-continue-to-champion-the-international-congress-on-academic-medicineicam-in-2026\/\" \/>\n<meta property=\"og:site_name\" content=\"AFMC\" \/>\n<meta property=\"article:published_time\" content=\"2026-03-10T18:14:36+00:00\" \/>\n<meta property=\"article:modified_time\" content=\"2026-03-10T18:59:36+00:00\" \/>\n<meta name=\"author\" content=\"Fatou Thioune\" \/>\n<meta name=\"twitter:card\" content=\"summary_large_image\" \/>\n<meta name=\"twitter:creator\" content=\"@AFMC_e\" \/>\n<meta name=\"twitter:site\" content=\"@AFMC_e\" \/>\n<meta name=\"twitter:label1\" content=\"\u00c9crit par\" \/>\n\t<meta name=\"twitter:data1\" content=\"Fatou Thioune\" \/>\n\t<meta name=\"twitter:label2\" content=\"Estimation du temps de lecture\" \/>\n\t<meta name=\"twitter:data2\" content=\"3 minutes\" \/>\n<script type=\"application\/ld+json\" class=\"yoast-schema-graph\">{\"@context\":\"https:\\\/\\\/schema.org\",\"@graph\":[{\"@type\":\"Article\",\"@id\":\"https:\\\/\\\/www.afmc.ca\\\/cma-and-partners-continue-to-champion-the-international-congress-on-academic-medicineicam-in-2026\\\/#article\",\"isPartOf\":{\"@id\":\"https:\\\/\\\/www.afmc.ca\\\/cma-and-partners-continue-to-champion-the-international-congress-on-academic-medicineicam-in-2026\\\/\"},\"author\":{\"name\":\"Fatou Thioune\",\"@id\":\"https:\\\/\\\/www.afmc.ca\\\/#\\\/schema\\\/person\\\/e8e6ce9828f441168a40cdf0d821bab2\"},\"headline\":\"CMA and partners continue to champion the International Congress on Academic Medicine (ICAM) in 2026\",\"datePublished\":\"2026-03-10T18:14:36+00:00\",\"dateModified\":\"2026-03-10T18:59:36+00:00\",\"mainEntityOfPage\":{\"@id\":\"https:\\\/\\\/www.afmc.ca\\\/cma-and-partners-continue-to-champion-the-international-congress-on-academic-medicineicam-in-2026\\\/\"},\"wordCount\":529,\"publisher\":{\"@id\":\"https:\\\/\\\/www.afmc.ca\\\/#organization\"},\"articleSection\":[\"Media Releases\"],\"inLanguage\":\"fr-CA\"},{\"@type\":\"WebPage\",\"@id\":\"https:\\\/\\\/www.afmc.ca\\\/cma-and-partners-continue-to-champion-the-international-congress-on-academic-medicineicam-in-2026\\\/\",\"url\":\"https:\\\/\\\/www.afmc.ca\\\/cma-and-partners-continue-to-champion-the-international-congress-on-academic-medicineicam-in-2026\\\/\",\"name\":\"CMA and partners continue to champion the International Congress on Academic Medicine (ICAM) in 2026 - AFMC\",\"isPartOf\":{\"@id\":\"https:\\\/\\\/www.afmc.ca\\\/#website\"},\"datePublished\":\"2026-03-10T18:14:36+00:00\",\"dateModified\":\"2026-03-10T18:59:36+00:00\",\"breadcrumb\":{\"@id\":\"https:\\\/\\\/www.afmc.ca\\\/cma-and-partners-continue-to-champion-the-international-congress-on-academic-medicineicam-in-2026\\\/#breadcrumb\"},\"inLanguage\":\"fr-CA\",\"potentialAction\":[{\"@type\":\"ReadAction\",\"target\":[\"https:\\\/\\\/www.afmc.ca\\\/cma-and-partners-continue-to-champion-the-international-congress-on-academic-medicineicam-in-2026\\\/\"]}]},{\"@type\":\"BreadcrumbList\",\"@id\":\"https:\\\/\\\/www.afmc.ca\\\/cma-and-partners-continue-to-champion-the-international-congress-on-academic-medicineicam-in-2026\\\/#breadcrumb\",\"itemListElement\":[{\"@type\":\"ListItem\",\"position\":1,\"name\":\"Home\",\"item\":\"https:\\\/\\\/www.afmc.ca\\\/\"},{\"@type\":\"ListItem\",\"position\":2,\"name\":\"CMA and partners continue to champion the International Congress on Academic Medicine (ICAM) in 2026\"}]},{\"@type\":\"WebSite\",\"@id\":\"https:\\\/\\\/www.afmc.ca\\\/#website\",\"url\":\"https:\\\/\\\/www.afmc.ca\\\/\",\"name\":\"AFMC\",\"description\":\"The academic partner for Canada\u2019s faculties of medicine.\",\"publisher\":{\"@id\":\"https:\\\/\\\/www.afmc.ca\\\/#organization\"},\"potentialAction\":[{\"@type\":\"SearchAction\",\"target\":{\"@type\":\"EntryPoint\",\"urlTemplate\":\"https:\\\/\\\/www.afmc.ca\\\/?s={search_term_string}\"},\"query-input\":{\"@type\":\"PropertyValueSpecification\",\"valueRequired\":true,\"valueName\":\"search_term_string\"}}],\"inLanguage\":\"fr-CA\"},{\"@type\":\"Organization\",\"@id\":\"https:\\\/\\\/www.afmc.ca\\\/#organization\",\"name\":\"The Association of Faculties of Medicine of Canada\",\"url\":\"https:\\\/\\\/www.afmc.ca\\\/\",\"logo\":{\"@type\":\"ImageObject\",\"inLanguage\":\"fr-CA\",\"@id\":\"https:\\\/\\\/www.afmc.ca\\\/#\\\/schema\\\/logo\\\/image\\\/\",\"url\":\"https:\\\/\\\/www.afmc.ca\\\/wp-content\\\/uploads\\\/2022\\\/09\\\/AFMC-Flywheel.jpg\",\"contentUrl\":\"https:\\\/\\\/www.afmc.ca\\\/wp-content\\\/uploads\\\/2022\\\/09\\\/AFMC-Flywheel.jpg\",\"width\":904,\"height\":536,\"caption\":\"The Association of Faculties of Medicine of Canada\"},\"image\":{\"@id\":\"https:\\\/\\\/www.afmc.ca\\\/#\\\/schema\\\/logo\\\/image\\\/\"},\"sameAs\":[\"https:\\\/\\\/x.com\\\/AFMC_e\",\"https:\\\/\\\/www.instagram.com\\\/afmc.ca\\\/\",\"https:\\\/\\\/www.linkedin.com\\\/company\\\/the-association-of-faculties-of-medicine-of-canada\\\/?originalSubdomain=ca\",\"https:\\\/\\\/www.youtube.com\\\/channel\\\/UC02Np2Hp_mw-Tr5gR_y24pg?view_as=subscriber\",\"https:\\\/\\\/twitter.com\\\/AFMC_f\"]},{\"@type\":\"Person\",\"@id\":\"https:\\\/\\\/www.afmc.ca\\\/#\\\/schema\\\/person\\\/e8e6ce9828f441168a40cdf0d821bab2\",\"name\":\"Fatou Thioune\",\"url\":\"https:\\\/\\\/www.afmc.ca\\\/fr\\\/author\\\/fthiouneafmc-ca\\\/\"}]}<\/script>\n<!-- \/ Yoast SEO plugin. -->","yoast_head_json":{"title":"CMA and partners continue to champion the International Congress on Academic Medicine (ICAM) in 2026 - AFMC","robots":{"index":"index","follow":"follow","max-snippet":"max-snippet:-1","max-image-preview":"max-image-preview:large","max-video-preview":"max-video-preview:-1"},"canonical":"https:\/\/www.afmc.ca\/fr\/cma-and-partners-continue-to-champion-the-international-congress-on-academic-medicineicam-in-2026\/","og_locale":"fr_CA","og_type":"article","og_title":"CMA and partners continue to champion the International Congress on Academic Medicine (ICAM) in 2026 - AFMC","og_description":"OTTAWA, ONTARIO \u2013 March 10, 2026 &#8211; The Canadian Medical Association (CMA) and partners together proudly support the International Congress on Academic Medicine (ICAM), taking place from April 16 to 19, 2026, in Ottawa. ICAM is an annual congress of more than 1,500 delegates that brings together leaders in medical education and health research to [&hellip;]","og_url":"https:\/\/www.afmc.ca\/fr\/cma-and-partners-continue-to-champion-the-international-congress-on-academic-medicineicam-in-2026\/","og_site_name":"AFMC","article_published_time":"2026-03-10T18:14:36+00:00","article_modified_time":"2026-03-10T18:59:36+00:00","author":"Fatou Thioune","twitter_card":"summary_large_image","twitter_creator":"@AFMC_e","twitter_site":"@AFMC_e","twitter_misc":{"\u00c9crit par":"Fatou Thioune","Estimation du temps de lecture":"3 minutes"},"schema":{"@context":"https:\/\/schema.org","@graph":[{"@type":"Article","@id":"https:\/\/www.afmc.ca\/cma-and-partners-continue-to-champion-the-international-congress-on-academic-medicineicam-in-2026\/#article","isPartOf":{"@id":"https:\/\/www.afmc.ca\/cma-and-partners-continue-to-champion-the-international-congress-on-academic-medicineicam-in-2026\/"},"author":{"name":"Fatou Thioune","@id":"https:\/\/www.afmc.ca\/#\/schema\/person\/e8e6ce9828f441168a40cdf0d821bab2"},"headline":"CMA and partners continue to champion the International Congress on Academic Medicine (ICAM) in 2026","datePublished":"2026-03-10T18:14:36+00:00","dateModified":"2026-03-10T18:59:36+00:00","mainEntityOfPage":{"@id":"https:\/\/www.afmc.ca\/cma-and-partners-continue-to-champion-the-international-congress-on-academic-medicineicam-in-2026\/"},"wordCount":529,"publisher":{"@id":"https:\/\/www.afmc.ca\/#organization"},"articleSection":["Media Releases"],"inLanguage":"fr-CA"},{"@type":"WebPage","@id":"https:\/\/www.afmc.ca\/cma-and-partners-continue-to-champion-the-international-congress-on-academic-medicineicam-in-2026\/","url":"https:\/\/www.afmc.ca\/cma-and-partners-continue-to-champion-the-international-congress-on-academic-medicineicam-in-2026\/","name":"CMA and partners continue to champion the International Congress on Academic Medicine (ICAM) in 2026 - AFMC","isPartOf":{"@id":"https:\/\/www.afmc.ca\/#website"},"datePublished":"2026-03-10T18:14:36+00:00","dateModified":"2026-03-10T18:59:36+00:00","breadcrumb":{"@id":"https:\/\/www.afmc.ca\/cma-and-partners-continue-to-champion-the-international-congress-on-academic-medicineicam-in-2026\/#breadcrumb"},"inLanguage":"fr-CA","potentialAction":[{"@type":"ReadAction","target":["https:\/\/www.afmc.ca\/cma-and-partners-continue-to-champion-the-international-congress-on-academic-medicineicam-in-2026\/"]}]},{"@type":"BreadcrumbList","@id":"https:\/\/www.afmc.ca\/cma-and-partners-continue-to-champion-the-international-congress-on-academic-medicineicam-in-2026\/#breadcrumb","itemListElement":[{"@type":"ListItem","position":1,"name":"Home","item":"https:\/\/www.afmc.ca\/"},{"@type":"ListItem","position":2,"name":"CMA and partners continue to champion the International Congress on Academic Medicine (ICAM) in 2026"}]},{"@type":"WebSite","@id":"https:\/\/www.afmc.ca\/#website","url":"https:\/\/www.afmc.ca\/","name":"l\u2019AFMC","description":"The academic partner for Canada\u2019s faculties of medicine.","publisher":{"@id":"https:\/\/www.afmc.ca\/#organization"},"potentialAction":[{"@type":"SearchAction","target":{"@type":"EntryPoint","urlTemplate":"https:\/\/www.afmc.ca\/?s={search_term_string}"},"query-input":{"@type":"PropertyValueSpecification","valueRequired":true,"valueName":"search_term_string"}}],"inLanguage":"fr-CA"},{"@type":"Organization","@id":"https:\/\/www.afmc.ca\/#organization","name":"Association des facult\u00e9s de m\u00e9decine du Canada","url":"https:\/\/www.afmc.ca\/","logo":{"@type":"ImageObject","inLanguage":"fr-CA","@id":"https:\/\/www.afmc.ca\/#\/schema\/logo\/image\/","url":"https:\/\/www.afmc.ca\/wp-content\/uploads\/2022\/09\/AFMC-Flywheel.jpg","contentUrl":"https:\/\/www.afmc.ca\/wp-content\/uploads\/2022\/09\/AFMC-Flywheel.jpg","width":904,"height":536,"caption":"The Association of Faculties of Medicine of Canada"},"image":{"@id":"https:\/\/www.afmc.ca\/#\/schema\/logo\/image\/"},"sameAs":["https:\/\/x.com\/AFMC_e","https:\/\/www.instagram.com\/afmc.ca\/","https:\/\/www.linkedin.com\/company\/the-association-of-faculties-of-medicine-of-canada\/?originalSubdomain=ca","https:\/\/www.youtube.com\/channel\/UC02Np2Hp_mw-Tr5gR_y24pg?view_as=subscriber","https:\/\/twitter.com\/AFMC_f"]},{"@type":"Person","@id":"https:\/\/www.afmc.ca\/#\/schema\/person\/e8e6ce9828f441168a40cdf0d821bab2","name":"Fatou Thioune","url":"https:\/\/www.afmc.ca\/fr\/author\/fthiouneafmc-ca\/"}]}},"_links":{"self":[{"href":"https:\/\/www.afmc.ca\/fr\/wp-json\/wp\/v2\/posts\/11609","targetHints":{"allow":["GET"]}}],"collection":[{"href":"https:\/\/www.afmc.ca\/fr\/wp-json\/wp\/v2\/posts"}],"about":[{"href":"https:\/\/www.afmc.ca\/fr\/wp-json\/wp\/v2\/types\/post"}],"author":[{"embeddable":true,"href":"https:\/\/www.afmc.ca\/fr\/wp-json\/wp\/v2\/users\/9"}],"replies":[{"embeddable":true,"href":"https:\/\/www.afmc.ca\/fr\/wp-json\/wp\/v2\/comments?post=11609"}],"version-history":[{"count":9,"href":"https:\/\/www.afmc.ca\/fr\/wp-json\/wp\/v2\/posts\/11609\/revisions"}],"predecessor-version":[{"id":11635,"href":"https:\/\/www.afmc.ca\/fr\/wp-json\/wp\/v2\/posts\/11609\/revisions\/11635"}],"wp:attachment":[{"href":"https:\/\/www.afmc.ca\/fr\/wp-json\/wp\/v2\/media?parent=11609"}],"wp:term":[{"taxonomy":"category","embeddable":true,"href":"https:\/\/www.afmc.ca\/fr\/wp-json\/wp\/v2\/categories?post=11609"},{"taxonomy":"post_tag","embeddable":true,"href":"https:\/\/www.afmc.ca\/fr\/wp-json\/wp\/v2\/tags?post=11609"}],"curies":[{"name":"wp","href":"https:\/\/api.w.org\/{rel}","templated":true}]}}