{"id":9560,"date":"2024-09-03T10:49:44","date_gmt":"2024-09-03T14:49:44","guid":{"rendered":"https:\/\/www.afmc.ca\/?p=9560"},"modified":"2024-09-03T11:40:02","modified_gmt":"2024-09-03T15:40:02","slug":"dr-joseph-leblanc-named-vice-president-social-accountability-of-the-association-of-faculties-of-medicine-of-canada","status":"publish","type":"post","link":"https:\/\/www.afmc.ca\/fr\/dr-joseph-leblanc-named-vice-president-social-accountability-of-the-association-of-faculties-of-medicine-of-canada\/","title":{"rendered":"Le Dr Joseph LeBlanc est nomm\u00e9 vice-pr\u00e9sident, Responsabilit\u00e9 sociale de l'Association des facult\u00e9s de m\u00e9decine du Canada"},"content":{"rendered":"<p>L'Association des facult\u00e9s de m\u00e9decine du Canada (AFMC) se r\u00e9jouit d'accueillir le Dr Joseph LeBlanc en tant que nouveau vice-pr\u00e9sident, Responsabilit\u00e9 sociale.&nbsp;<\/p>\n\n\n\n<p>Joseph est doyen associ\u00e9, \u00c9quit\u00e9 et inclusion, et professeur adjoint en sant\u00e9 autochtone \u00e0 l'Universit\u00e9 de l'EMNO, un r\u00f4le qu\u2019il continuera d\u2019occuper simultan\u00e9ment \u00e0 son nouveau r\u00f4le a l\u2019AFMC. Joseph vit depuis toujours dans le Nord de l'Ontario et est membre du territoire non c\u00e9d\u00e9 de Wiikwemkoong.&nbsp;&nbsp;<\/p>\n\n\n\n<p>En tant que membre de l'\u00e9quipe de direction de l'AFMC, Joseph dirigera la mise en \u0153uvre des priorit\u00e9s strat\u00e9giques de l'organisation en mati\u00e8re de responsabilit\u00e9 sociale et veillera \u00e0 ce que les comit\u00e9s et les r\u00e9seaux de l'AFMC b\u00e9n\u00e9ficient d'un soutien efficace \u00e0 cet \u00e9gard. Parmi ces priorit\u00e9s figurent nos efforts constants en vue de renforcer la lutte contre le racisme, la sant\u00e9 des Autochtones, la sant\u00e9 des Noirs, la repr\u00e9sentation des Francophones et la sant\u00e9 plan\u00e9taire au sein des facult\u00e9s de m\u00e9decine du Canada.&nbsp;<\/p>\n\n\n\n<p>Joseph jouit d\u2019une grande exp\u00e9rience en mati\u00e8re de promotion de l'\u00e9quit\u00e9, d'accroissement de la diversit\u00e9 et de renforcement de l'approche de la responsabilit\u00e9 sociale dans l'enseignement m\u00e9dical. Il a \u00e9t\u00e9 laur\u00e9at de nombreux prix, notamment le Top 20 under 40 Northwestern Ontario Visionary Award et le Forty under 40 Northern Ontario Business Award. Joseph est passionn\u00e9 par la sant\u00e9 et le mieux-\u00eatre des communaut\u00e9s et est reconnu comme un expert de premier plan en mati\u00e8re de syst\u00e8mes alimentaires autochtones et de d\u00e9veloppement communautaire au Canada. \u00a0<\/p>\n\n\n\n<p>\u00ab Les contributions de Joseph dans ce domaine sont inestimables et nous sommes extr\u00eamement chanceux qu'il se joigne \u00e0 notre \u00e9quipe, \u00bb d\u00e9clare la pr\u00e9sidente-directrice g\u00e9n\u00e9rale de l'AFMC, la Dre Connie LeBlanc (aucune relation \u00e0 Joseph). \u00ab\u202fSa ma\u00eetrise des politiques et de la sant\u00e9 communautaire sera d\u00e9terminante pour faire progresser le dossier de la responsabilit\u00e9 sociale au sein des facult\u00e9s de m\u00e9decine canadiennes, pour le plus grand b\u00e9n\u00e9fice de tous les Canadiens. \u00bb&nbsp;<\/p>\n\n\n\n<p>\u00ab L'Universit\u00e9 de l\u2019EMNO est fi\u00e8re de M. Joseph LeBlanc et de sa nomination \u00e0 ce niveau sup\u00e9rieur au sein d'une organisation nationale aussi importante et influente, \u00bb a d\u00e9clar\u00e9 la Dre Sarita Verma, rectrice, vice-chanceli\u00e8re, doyenne et PDG. \u00ab \u00c0 titre de vice-pr\u00e9sident dans ce r\u00f4le inaugural, il apporte de merveilleuses comp\u00e9tences interpersonnelles et organisationnelles, de la sagesse et une v\u00e9ritable authenticit\u00e9 aux questions d'\u00e9quit\u00e9, de diversit\u00e9 et d'inclusion. Il se fera le champion de la voix de la m\u00e9decine universitaire au Canada et nous aidera \u00e0 remplir notre mandat collectif de responsabilit\u00e9 sociale. \u00bb&nbsp;<\/p>\n\n\n\n<p>\u00ab Je suis honor\u00e9 de me joindre \u00e0 l'AFMC dans ce r\u00f4le novateur, \u00bb d\u00e9clare M. LeBlanc. \u00ab Le leadership et la d\u00e9fense des int\u00e9r\u00eats de ce groupe ont contribu\u00e9 \u00e0 ouvrir la voie \u00e0 l'excellence de la formation m\u00e9dicale dans ce pays. Alors que nous franchissons tous les prochaines \u00e9tapes vers l'\u00e9quit\u00e9 en mati\u00e8re de sant\u00e9 pour tous les Canadiens et Canadiennes, je contribuerai de toutes mes forces au travail essentiel et collaboratif qui est accompli pour nous faire progresser vers un avenir plus sain.\u00bb&nbsp;<\/p>","protected":false},"excerpt":{"rendered":"<p>The Association of Faculties of Medicine of Canada (AFMC) is thrilled to welcome Dr. Joseph LeBlanc, PhD, as the organization\u2019s new Vice-President, Social Accountability.&nbsp; Joseph is the Associate Dean, Equity and Inclusion and Assistant Professor, Indigenous Health at NOSM University, roles that he will continue to hold concurrently with his work at AFMC. He is [&hellip;]<\/p>\n","protected":false},"author":4,"featured_media":9565,"comment_status":"closed","ping_status":"closed","sticky":false,"template":"","format":"standard","meta":{"footnotes":""},"categories":[10],"tags":[],"class_list":["post-9560","post","type-post","status-publish","format-standard","has-post-thumbnail","hentry","category-news"],"yoast_head":"<!-- This site is optimized with the Yoast SEO plugin v27.4 - https:\/\/yoast.com\/product\/yoast-seo-wordpress\/ -->\n<title>Dr. Joseph LeBlanc named Vice-President, Social Accountability of the Association of Faculties of Medicine of Canada - AFMC<\/title>\n<meta name=\"robots\" content=\"index, follow, max-snippet:-1, max-image-preview:large, max-video-preview:-1\" \/>\n<link rel=\"canonical\" href=\"https:\/\/www.afmc.ca\/fr\/dr-joseph-leblanc-named-vice-president-social-accountability-of-the-association-of-faculties-of-medicine-of-canada\/\" \/>\n<meta property=\"og:locale\" content=\"fr_CA\" \/>\n<meta property=\"og:type\" content=\"article\" \/>\n<meta property=\"og:title\" content=\"Dr. Joseph LeBlanc named Vice-President, Social Accountability of the Association of Faculties of Medicine of Canada - AFMC\" \/>\n<meta property=\"og:description\" content=\"The Association of Faculties of Medicine of Canada (AFMC) is thrilled to welcome Dr. Joseph LeBlanc, PhD, as the organization\u2019s new Vice-President, Social Accountability.&nbsp; Joseph is the Associate Dean, Equity and Inclusion and Assistant Professor, Indigenous Health at NOSM University, roles that he will continue to hold concurrently with his work at AFMC. He is [&hellip;]\" \/>\n<meta property=\"og:url\" content=\"https:\/\/www.afmc.ca\/fr\/dr-joseph-leblanc-named-vice-president-social-accountability-of-the-association-of-faculties-of-medicine-of-canada\/\" \/>\n<meta property=\"og:site_name\" content=\"AFMC\" \/>\n<meta property=\"article:published_time\" content=\"2024-09-03T14:49:44+00:00\" \/>\n<meta property=\"article:modified_time\" content=\"2024-09-03T15:40:02+00:00\" \/>\n<meta property=\"og:image\" content=\"https:\/\/www.afmc.ca\/wp-content\/uploads\/2024\/09\/image-cropped.jpg\" \/>\n\t<meta property=\"og:image:width\" content=\"900\" \/>\n\t<meta property=\"og:image:height\" content=\"600\" \/>\n\t<meta property=\"og:image:type\" content=\"image\/jpeg\" \/>\n<meta name=\"author\" content=\"addmin\" \/>\n<meta name=\"twitter:card\" content=\"summary_large_image\" \/>\n<meta name=\"twitter:creator\" content=\"@AFMC_e\" \/>\n<meta name=\"twitter:site\" content=\"@AFMC_e\" \/>\n<meta name=\"twitter:label1\" content=\"\u00c9crit par\" \/>\n\t<meta name=\"twitter:data1\" content=\"addmin\" \/>\n\t<meta name=\"twitter:label2\" content=\"Estimation du temps de lecture\" \/>\n\t<meta name=\"twitter:data2\" content=\"2 minutes\" \/>\n<script type=\"application\/ld+json\" class=\"yoast-schema-graph\">{\"@context\":\"https:\\\/\\\/schema.org\",\"@graph\":[{\"@type\":\"Article\",\"@id\":\"https:\\\/\\\/www.afmc.ca\\\/dr-joseph-leblanc-named-vice-president-social-accountability-of-the-association-of-faculties-of-medicine-of-canada\\\/#article\",\"isPartOf\":{\"@id\":\"https:\\\/\\\/www.afmc.ca\\\/dr-joseph-leblanc-named-vice-president-social-accountability-of-the-association-of-faculties-of-medicine-of-canada\\\/\"},\"author\":{\"name\":\"addmin\",\"@id\":\"https:\\\/\\\/www.afmc.ca\\\/#\\\/schema\\\/person\\\/8040515ab2bd5e2dbfef12c7e9a762e3\"},\"headline\":\"Dr. Joseph LeBlanc named Vice-President, Social Accountability of the Association of Faculties of Medicine of Canada\",\"datePublished\":\"2024-09-03T14:49:44+00:00\",\"dateModified\":\"2024-09-03T15:40:02+00:00\",\"mainEntityOfPage\":{\"@id\":\"https:\\\/\\\/www.afmc.ca\\\/dr-joseph-leblanc-named-vice-president-social-accountability-of-the-association-of-faculties-of-medicine-of-canada\\\/\"},\"wordCount\":414,\"publisher\":{\"@id\":\"https:\\\/\\\/www.afmc.ca\\\/#organization\"},\"image\":{\"@id\":\"https:\\\/\\\/www.afmc.ca\\\/dr-joseph-leblanc-named-vice-president-social-accountability-of-the-association-of-faculties-of-medicine-of-canada\\\/#primaryimage\"},\"thumbnailUrl\":\"https:\\\/\\\/www.afmc.ca\\\/wp-content\\\/uploads\\\/2024\\\/09\\\/image-cropped.jpg\",\"articleSection\":[\"News\"],\"inLanguage\":\"fr-CA\"},{\"@type\":\"WebPage\",\"@id\":\"https:\\\/\\\/www.afmc.ca\\\/dr-joseph-leblanc-named-vice-president-social-accountability-of-the-association-of-faculties-of-medicine-of-canada\\\/\",\"url\":\"https:\\\/\\\/www.afmc.ca\\\/dr-joseph-leblanc-named-vice-president-social-accountability-of-the-association-of-faculties-of-medicine-of-canada\\\/\",\"name\":\"Dr. Joseph LeBlanc named Vice-President, Social Accountability of the Association of Faculties of Medicine of Canada - AFMC\",\"isPartOf\":{\"@id\":\"https:\\\/\\\/www.afmc.ca\\\/#website\"},\"primaryImageOfPage\":{\"@id\":\"https:\\\/\\\/www.afmc.ca\\\/dr-joseph-leblanc-named-vice-president-social-accountability-of-the-association-of-faculties-of-medicine-of-canada\\\/#primaryimage\"},\"image\":{\"@id\":\"https:\\\/\\\/www.afmc.ca\\\/dr-joseph-leblanc-named-vice-president-social-accountability-of-the-association-of-faculties-of-medicine-of-canada\\\/#primaryimage\"},\"thumbnailUrl\":\"https:\\\/\\\/www.afmc.ca\\\/wp-content\\\/uploads\\\/2024\\\/09\\\/image-cropped.jpg\",\"datePublished\":\"2024-09-03T14:49:44+00:00\",\"dateModified\":\"2024-09-03T15:40:02+00:00\",\"breadcrumb\":{\"@id\":\"https:\\\/\\\/www.afmc.ca\\\/dr-joseph-leblanc-named-vice-president-social-accountability-of-the-association-of-faculties-of-medicine-of-canada\\\/#breadcrumb\"},\"inLanguage\":\"fr-CA\",\"potentialAction\":[{\"@type\":\"ReadAction\",\"target\":[\"https:\\\/\\\/www.afmc.ca\\\/dr-joseph-leblanc-named-vice-president-social-accountability-of-the-association-of-faculties-of-medicine-of-canada\\\/\"]}]},{\"@type\":\"ImageObject\",\"inLanguage\":\"fr-CA\",\"@id\":\"https:\\\/\\\/www.afmc.ca\\\/dr-joseph-leblanc-named-vice-president-social-accountability-of-the-association-of-faculties-of-medicine-of-canada\\\/#primaryimage\",\"url\":\"https:\\\/\\\/www.afmc.ca\\\/wp-content\\\/uploads\\\/2024\\\/09\\\/image-cropped.jpg\",\"contentUrl\":\"https:\\\/\\\/www.afmc.ca\\\/wp-content\\\/uploads\\\/2024\\\/09\\\/image-cropped.jpg\",\"width\":900,\"height\":600},{\"@type\":\"BreadcrumbList\",\"@id\":\"https:\\\/\\\/www.afmc.ca\\\/dr-joseph-leblanc-named-vice-president-social-accountability-of-the-association-of-faculties-of-medicine-of-canada\\\/#breadcrumb\",\"itemListElement\":[{\"@type\":\"ListItem\",\"position\":1,\"name\":\"Home\",\"item\":\"https:\\\/\\\/www.afmc.ca\\\/\"},{\"@type\":\"ListItem\",\"position\":2,\"name\":\"Dr. Joseph LeBlanc named Vice-President, Social Accountability of the Association of Faculties of Medicine of Canada\"}]},{\"@type\":\"WebSite\",\"@id\":\"https:\\\/\\\/www.afmc.ca\\\/#website\",\"url\":\"https:\\\/\\\/www.afmc.ca\\\/\",\"name\":\"AFMC\",\"description\":\"The academic partner for Canada\u2019s faculties of medicine.\",\"publisher\":{\"@id\":\"https:\\\/\\\/www.afmc.ca\\\/#organization\"},\"potentialAction\":[{\"@type\":\"SearchAction\",\"target\":{\"@type\":\"EntryPoint\",\"urlTemplate\":\"https:\\\/\\\/www.afmc.ca\\\/?s={search_term_string}\"},\"query-input\":{\"@type\":\"PropertyValueSpecification\",\"valueRequired\":true,\"valueName\":\"search_term_string\"}}],\"inLanguage\":\"fr-CA\"},{\"@type\":\"Organization\",\"@id\":\"https:\\\/\\\/www.afmc.ca\\\/#organization\",\"name\":\"The Association of Faculties of Medicine of Canada\",\"url\":\"https:\\\/\\\/www.afmc.ca\\\/\",\"logo\":{\"@type\":\"ImageObject\",\"inLanguage\":\"fr-CA\",\"@id\":\"https:\\\/\\\/www.afmc.ca\\\/#\\\/schema\\\/logo\\\/image\\\/\",\"url\":\"https:\\\/\\\/www.afmc.ca\\\/wp-content\\\/uploads\\\/2022\\\/09\\\/AFMC-Flywheel.jpg\",\"contentUrl\":\"https:\\\/\\\/www.afmc.ca\\\/wp-content\\\/uploads\\\/2022\\\/09\\\/AFMC-Flywheel.jpg\",\"width\":904,\"height\":536,\"caption\":\"The Association of Faculties of Medicine of Canada\"},\"image\":{\"@id\":\"https:\\\/\\\/www.afmc.ca\\\/#\\\/schema\\\/logo\\\/image\\\/\"},\"sameAs\":[\"https:\\\/\\\/x.com\\\/AFMC_e\",\"https:\\\/\\\/www.instagram.com\\\/afmc.ca\\\/\",\"https:\\\/\\\/www.linkedin.com\\\/company\\\/the-association-of-faculties-of-medicine-of-canada\\\/?originalSubdomain=ca\",\"https:\\\/\\\/www.youtube.com\\\/channel\\\/UC02Np2Hp_mw-Tr5gR_y24pg?view_as=subscriber\",\"https:\\\/\\\/twitter.com\\\/AFMC_f\"]},{\"@type\":\"Person\",\"@id\":\"https:\\\/\\\/www.afmc.ca\\\/#\\\/schema\\\/person\\\/8040515ab2bd5e2dbfef12c7e9a762e3\",\"name\":\"addmin\",\"url\":\"https:\\\/\\\/www.afmc.ca\\\/fr\\\/author\\\/addmin\\\/\"}]}<\/script>\n<!-- \/ Yoast SEO plugin. -->","yoast_head_json":{"title":"Dr. Joseph LeBlanc named Vice-President, Social Accountability of the Association of Faculties of Medicine of Canada - AFMC","robots":{"index":"index","follow":"follow","max-snippet":"max-snippet:-1","max-image-preview":"max-image-preview:large","max-video-preview":"max-video-preview:-1"},"canonical":"https:\/\/www.afmc.ca\/fr\/dr-joseph-leblanc-named-vice-president-social-accountability-of-the-association-of-faculties-of-medicine-of-canada\/","og_locale":"fr_CA","og_type":"article","og_title":"Dr. Joseph LeBlanc named Vice-President, Social Accountability of the Association of Faculties of Medicine of Canada - AFMC","og_description":"The Association of Faculties of Medicine of Canada (AFMC) is thrilled to welcome Dr. Joseph LeBlanc, PhD, as the organization\u2019s new Vice-President, Social Accountability.&nbsp; Joseph is the Associate Dean, Equity and Inclusion and Assistant Professor, Indigenous Health at NOSM University, roles that he will continue to hold concurrently with his work at AFMC. He is [&hellip;]","og_url":"https:\/\/www.afmc.ca\/fr\/dr-joseph-leblanc-named-vice-president-social-accountability-of-the-association-of-faculties-of-medicine-of-canada\/","og_site_name":"AFMC","article_published_time":"2024-09-03T14:49:44+00:00","article_modified_time":"2024-09-03T15:40:02+00:00","og_image":[{"width":900,"height":600,"url":"https:\/\/www.afmc.ca\/wp-content\/uploads\/2024\/09\/image-cropped.jpg","type":"image\/jpeg"}],"author":"addmin","twitter_card":"summary_large_image","twitter_creator":"@AFMC_e","twitter_site":"@AFMC_e","twitter_misc":{"\u00c9crit par":"addmin","Estimation du temps de lecture":"2 minutes"},"schema":{"@context":"https:\/\/schema.org","@graph":[{"@type":"Article","@id":"https:\/\/www.afmc.ca\/dr-joseph-leblanc-named-vice-president-social-accountability-of-the-association-of-faculties-of-medicine-of-canada\/#article","isPartOf":{"@id":"https:\/\/www.afmc.ca\/dr-joseph-leblanc-named-vice-president-social-accountability-of-the-association-of-faculties-of-medicine-of-canada\/"},"author":{"name":"addmin","@id":"https:\/\/www.afmc.ca\/#\/schema\/person\/8040515ab2bd5e2dbfef12c7e9a762e3"},"headline":"Dr. Joseph LeBlanc named Vice-President, Social Accountability of the Association of Faculties of Medicine of Canada","datePublished":"2024-09-03T14:49:44+00:00","dateModified":"2024-09-03T15:40:02+00:00","mainEntityOfPage":{"@id":"https:\/\/www.afmc.ca\/dr-joseph-leblanc-named-vice-president-social-accountability-of-the-association-of-faculties-of-medicine-of-canada\/"},"wordCount":414,"publisher":{"@id":"https:\/\/www.afmc.ca\/#organization"},"image":{"@id":"https:\/\/www.afmc.ca\/dr-joseph-leblanc-named-vice-president-social-accountability-of-the-association-of-faculties-of-medicine-of-canada\/#primaryimage"},"thumbnailUrl":"https:\/\/www.afmc.ca\/wp-content\/uploads\/2024\/09\/image-cropped.jpg","articleSection":["News"],"inLanguage":"fr-CA"},{"@type":"WebPage","@id":"https:\/\/www.afmc.ca\/dr-joseph-leblanc-named-vice-president-social-accountability-of-the-association-of-faculties-of-medicine-of-canada\/","url":"https:\/\/www.afmc.ca\/dr-joseph-leblanc-named-vice-president-social-accountability-of-the-association-of-faculties-of-medicine-of-canada\/","name":"Dr. Joseph LeBlanc named Vice-President, Social Accountability of the Association of Faculties of Medicine of Canada - AFMC","isPartOf":{"@id":"https:\/\/www.afmc.ca\/#website"},"primaryImageOfPage":{"@id":"https:\/\/www.afmc.ca\/dr-joseph-leblanc-named-vice-president-social-accountability-of-the-association-of-faculties-of-medicine-of-canada\/#primaryimage"},"image":{"@id":"https:\/\/www.afmc.ca\/dr-joseph-leblanc-named-vice-president-social-accountability-of-the-association-of-faculties-of-medicine-of-canada\/#primaryimage"},"thumbnailUrl":"https:\/\/www.afmc.ca\/wp-content\/uploads\/2024\/09\/image-cropped.jpg","datePublished":"2024-09-03T14:49:44+00:00","dateModified":"2024-09-03T15:40:02+00:00","breadcrumb":{"@id":"https:\/\/www.afmc.ca\/dr-joseph-leblanc-named-vice-president-social-accountability-of-the-association-of-faculties-of-medicine-of-canada\/#breadcrumb"},"inLanguage":"fr-CA","potentialAction":[{"@type":"ReadAction","target":["https:\/\/www.afmc.ca\/dr-joseph-leblanc-named-vice-president-social-accountability-of-the-association-of-faculties-of-medicine-of-canada\/"]}]},{"@type":"ImageObject","inLanguage":"fr-CA","@id":"https:\/\/www.afmc.ca\/dr-joseph-leblanc-named-vice-president-social-accountability-of-the-association-of-faculties-of-medicine-of-canada\/#primaryimage","url":"https:\/\/www.afmc.ca\/wp-content\/uploads\/2024\/09\/image-cropped.jpg","contentUrl":"https:\/\/www.afmc.ca\/wp-content\/uploads\/2024\/09\/image-cropped.jpg","width":900,"height":600},{"@type":"BreadcrumbList","@id":"https:\/\/www.afmc.ca\/dr-joseph-leblanc-named-vice-president-social-accountability-of-the-association-of-faculties-of-medicine-of-canada\/#breadcrumb","itemListElement":[{"@type":"ListItem","position":1,"name":"Home","item":"https:\/\/www.afmc.ca\/"},{"@type":"ListItem","position":2,"name":"Dr. Joseph LeBlanc named Vice-President, Social Accountability of the Association of Faculties of Medicine of Canada"}]},{"@type":"WebSite","@id":"https:\/\/www.afmc.ca\/#website","url":"https:\/\/www.afmc.ca\/","name":"l\u2019AFMC","description":"The academic partner for Canada\u2019s faculties of medicine.","publisher":{"@id":"https:\/\/www.afmc.ca\/#organization"},"potentialAction":[{"@type":"SearchAction","target":{"@type":"EntryPoint","urlTemplate":"https:\/\/www.afmc.ca\/?s={search_term_string}"},"query-input":{"@type":"PropertyValueSpecification","valueRequired":true,"valueName":"search_term_string"}}],"inLanguage":"fr-CA"},{"@type":"Organization","@id":"https:\/\/www.afmc.ca\/#organization","name":"Association des facult\u00e9s de m\u00e9decine du Canada","url":"https:\/\/www.afmc.ca\/","logo":{"@type":"ImageObject","inLanguage":"fr-CA","@id":"https:\/\/www.afmc.ca\/#\/schema\/logo\/image\/","url":"https:\/\/www.afmc.ca\/wp-content\/uploads\/2022\/09\/AFMC-Flywheel.jpg","contentUrl":"https:\/\/www.afmc.ca\/wp-content\/uploads\/2022\/09\/AFMC-Flywheel.jpg","width":904,"height":536,"caption":"The Association of Faculties of Medicine of Canada"},"image":{"@id":"https:\/\/www.afmc.ca\/#\/schema\/logo\/image\/"},"sameAs":["https:\/\/x.com\/AFMC_e","https:\/\/www.instagram.com\/afmc.ca\/","https:\/\/www.linkedin.com\/company\/the-association-of-faculties-of-medicine-of-canada\/?originalSubdomain=ca","https:\/\/www.youtube.com\/channel\/UC02Np2Hp_mw-Tr5gR_y24pg?view_as=subscriber","https:\/\/twitter.com\/AFMC_f"]},{"@type":"Person","@id":"https:\/\/www.afmc.ca\/#\/schema\/person\/8040515ab2bd5e2dbfef12c7e9a762e3","name":"addmin","url":"https:\/\/www.afmc.ca\/fr\/author\/addmin\/"}]}},"_links":{"self":[{"href":"https:\/\/www.afmc.ca\/fr\/wp-json\/wp\/v2\/posts\/9560","targetHints":{"allow":["GET"]}}],"collection":[{"href":"https:\/\/www.afmc.ca\/fr\/wp-json\/wp\/v2\/posts"}],"about":[{"href":"https:\/\/www.afmc.ca\/fr\/wp-json\/wp\/v2\/types\/post"}],"author":[{"embeddable":true,"href":"https:\/\/www.afmc.ca\/fr\/wp-json\/wp\/v2\/users\/4"}],"replies":[{"embeddable":true,"href":"https:\/\/www.afmc.ca\/fr\/wp-json\/wp\/v2\/comments?post=9560"}],"version-history":[{"count":2,"href":"https:\/\/www.afmc.ca\/fr\/wp-json\/wp\/v2\/posts\/9560\/revisions"}],"predecessor-version":[{"id":9569,"href":"https:\/\/www.afmc.ca\/fr\/wp-json\/wp\/v2\/posts\/9560\/revisions\/9569"}],"wp:featuredmedia":[{"embeddable":true,"href":"https:\/\/www.afmc.ca\/fr\/wp-json\/wp\/v2\/media\/9565"}],"wp:attachment":[{"href":"https:\/\/www.afmc.ca\/fr\/wp-json\/wp\/v2\/media?parent=9560"}],"wp:term":[{"taxonomy":"category","embeddable":true,"href":"https:\/\/www.afmc.ca\/fr\/wp-json\/wp\/v2\/categories?post=9560"},{"taxonomy":"post_tag","embeddable":true,"href":"https:\/\/www.afmc.ca\/fr\/wp-json\/wp\/v2\/tags?post=9560"}],"curies":[{"name":"wp","href":"https:\/\/api.w.org\/{rel}","templated":true}]}}